{"id":257,"date":"2016-12-02T09:48:40","date_gmt":"2016-12-02T08:48:40","guid":{"rendered":"http:\/\/berlin-tagungshotels.com\/en\/?p=257"},"modified":"2020-06-02T16:55:55","modified_gmt":"2020-06-02T14:55:55","slug":"koeln-tagen-in-der-domstadt","status":"publish","type":"post","link":"https:\/\/koeln-tagungshotels.com\/de\/news\/koln-tagen-in-der-domstadt\/","title":{"rendered":"K\u00f6ln \u2013 Tagen in der Domstadt"},"content":{"rendered":"<p>Die Stadt am Rhein \u2013 Sch\u00f6ne Hotels, G\u00e4steh\u00e4user und Hostels. Urban und doch Weltmetropole. K\u00f6ln ist immer eine Reise wert. F\u00fcr eine Gruppenreise oder aber auch f\u00fcr Ihre n\u00e4chste Tagung. Wir unterst\u00fctzen Sie dabei das richtige Hotel oder die passende Location zu finden. Kombinieren Sie Ihre Tagung in K\u00f6ln mit einem Besuch einer typischen Kneipe in der ber\u00fchmten Altstadt. \u00abK\u00f6lsch\u00bb f\u00fcr Schnelldenker und Schnelltrinker.<\/p>","protected":false},"excerpt":{"rendered":"<p>Die Stadt am Rhein \u2013 Sch\u00f6ne Hotels, G\u00e4steh\u00e4user und Hostels. Urban und doch Weltmetropole. K\u00f6ln ist immer eine Reise wert. F\u00fcr eine Gruppenreise oder aber auch f\u00fcr Ihre n\u00e4chste Tagung. Wir unterst\u00fctzen Sie dabei das richtige Hotel oder die passende Location zu finden. Kombinieren Sie Ihre Tagung in K\u00f6ln mit einem Besuch einer typischen Kneipe [&hellip;]<\/p>\n","protected":false},"author":1,"featured_media":19619,"comment_status":"open","ping_status":"open","sticky":false,"template":"","format":"standard","meta":[],"acf":[],"yoast_head":"<!-- This site is optimized with the Yoast SEO Premium plugin v20.3 (Yoast SEO v20.3) - https:\/\/yoast.com\/wordpress\/plugins\/seo\/ -->\n<title>K\u00f6ln \u2013 Tagen in der Domstadt | MICE Service Group | Tagungshotels in K\u00f6ln &#8211; Innovation &#038; Kultur<\/title>\n<meta name=\"description\" content=\"K\u00f6ln - Die Stadt am Rhein. Urban und doch Weltmetropole. K\u00f6ln ist immer eine Reise wert. F\u00fcr eine Gruppenreise oder aber auch f\u00fcr Ihre n\u00e4chste Tagung.\" \/>\n<meta name=\"robots\" content=\"index, follow, max-snippet:-1, max-image-preview:large, max-video-preview:-1\" \/>\n<link rel=\"canonical\" href=\"https:\/\/koeln-tagungshotels.com\/de\/news\/koln-tagen-in-der-domstadt\/\" \/>\n<meta property=\"og:locale\" content=\"de_DE\" \/>\n<meta property=\"og:type\" content=\"article\" \/>\n<meta property=\"og:title\" content=\"K\u00f6ln \u2013 Tagen in der Domstadt\" \/>\n<meta property=\"og:description\" content=\"K\u00f6ln - Die Stadt am Rhein. Urban und doch Weltmetropole. K\u00f6ln ist immer eine Reise wert. F\u00fcr eine Gruppenreise oder aber auch f\u00fcr Ihre n\u00e4chste Tagung.\" \/>\n<meta property=\"og:url\" content=\"https:\/\/koeln-tagungshotels.com\/de\/news\/koln-tagen-in-der-domstadt\/\" \/>\n<meta property=\"article:published_time\" content=\"2016-12-02T08:48:40+00:00\" \/>\n<meta property=\"article:modified_time\" content=\"2020-06-02T14:55:55+00:00\" \/>\n<meta property=\"og:image\" content=\"https:\/\/koeln-tagungshotels.com\/wp-content\/uploads\/2016\/12\/koelner-dom.jpg\" \/>\n\t<meta property=\"og:image:width\" content=\"2560\" \/>\n\t<meta property=\"og:image:height\" content=\"1708\" \/>\n\t<meta property=\"og:image:type\" content=\"image\/jpeg\" \/>\n<meta name=\"author\" content=\"azure art communications\" \/>\n<meta name=\"twitter:card\" content=\"summary_large_image\" \/>\n<meta name=\"twitter:label1\" content=\"Verfasst von\" \/>\n\t<meta name=\"twitter:data1\" content=\"azure art communications\" \/>\n\t<meta name=\"twitter:label2\" content=\"Gesch\u00e4tzte Lesezeit\" \/>\n\t<meta name=\"twitter:data2\" content=\"1 Minute\" \/>\n<script type=\"application\/ld+json\" class=\"yoast-schema-graph\">{\"@context\":\"https:\/\/schema.org\",\"@graph\":[{\"@type\":\"WebPage\",\"@id\":\"https:\/\/koeln-tagungshotels.com\/de\/news\/koln-tagen-in-der-domstadt\/\",\"url\":\"https:\/\/koeln-tagungshotels.com\/de\/news\/koln-tagen-in-der-domstadt\/\",\"name\":\"K\u00f6ln \u2013 Tagen in der Domstadt | MICE Service Group\",\"isPartOf\":{\"@id\":\"https:\/\/luzern-seminarhotels.ch\/de\/#website\"},\"datePublished\":\"2016-12-02T08:48:40+00:00\",\"dateModified\":\"2020-06-02T14:55:55+00:00\",\"author\":{\"@id\":\"https:\/\/luzern-seminarhotels.ch\/de\/#\/schema\/person\/6ad8231edfe93103a563949a8e4f88a8\"},\"description\":\"K\u00f6ln - Die Stadt am Rhein. Urban und doch Weltmetropole. K\u00f6ln ist immer eine Reise wert. F\u00fcr eine Gruppenreise oder aber auch f\u00fcr Ihre n\u00e4chste Tagung.\",\"breadcrumb\":{\"@id\":\"https:\/\/koeln-tagungshotels.com\/de\/news\/koln-tagen-in-der-domstadt\/#breadcrumb\"},\"inLanguage\":\"de-DE\",\"potentialAction\":[{\"@type\":\"ReadAction\",\"target\":[\"https:\/\/koeln-tagungshotels.com\/de\/news\/koln-tagen-in-der-domstadt\/\"]}]},{\"@type\":\"BreadcrumbList\",\"@id\":\"https:\/\/koeln-tagungshotels.com\/de\/news\/koln-tagen-in-der-domstadt\/#breadcrumb\",\"itemListElement\":[{\"@type\":\"ListItem\",\"position\":1,\"name\":\"Home\",\"item\":\"https:\/\/luzern-seminarhotels.ch\/de\/\"},{\"@type\":\"ListItem\",\"position\":2,\"name\":\"News\",\"item\":\"https:\/\/koeln-tagungshotels.com\/de\/news\/\"},{\"@type\":\"ListItem\",\"position\":3,\"name\":\"K\u00f6ln \u2013 Tagen in der Domstadt\"}]},{\"@type\":\"WebSite\",\"@id\":\"https:\/\/luzern-seminarhotels.ch\/de\/#website\",\"url\":\"https:\/\/luzern-seminarhotels.ch\/de\/\",\"name\":\"koeln-tagungshotels.com\",\"description\":\"\",\"potentialAction\":[{\"@type\":\"SearchAction\",\"target\":{\"@type\":\"EntryPoint\",\"urlTemplate\":\"https:\/\/luzern-seminarhotels.ch\/de\/?s={search_term_string}\"},\"query-input\":\"required name=search_term_string\"}],\"inLanguage\":\"de-DE\"},{\"@type\":\"Person\",\"@id\":\"https:\/\/luzern-seminarhotels.ch\/de\/#\/schema\/person\/6ad8231edfe93103a563949a8e4f88a8\",\"name\":\"azure art communications\",\"image\":{\"@type\":\"ImageObject\",\"inLanguage\":\"de-DE\",\"@id\":\"https:\/\/luzern-seminarhotels.ch\/de\/#\/schema\/person\/image\/\",\"url\":\"https:\/\/koeln-tagungshotels.com\/wp-content\/wphb-cache\/gravatar\/eb5\/eb5e12a25bdf36e237ed0d83c9b428f0x96.jpg\",\"contentUrl\":\"https:\/\/koeln-tagungshotels.com\/wp-content\/wphb-cache\/gravatar\/eb5\/eb5e12a25bdf36e237ed0d83c9b428f0x96.jpg\",\"caption\":\"azure art communications\"},\"sameAs\":[\"https:\/\/www.azureart.ch\"]}]}<\/script>\n<!-- \/ Yoast SEO Premium plugin. -->","yoast_head_json":{"title":"K\u00f6ln \u2013 Tagen in der Domstadt | MICE Service Group | Tagungshotels in K\u00f6ln &#8211; Innovation &#038; Kultur","description":"K\u00f6ln - Die Stadt am Rhein. Urban und doch Weltmetropole. K\u00f6ln ist immer eine Reise wert. F\u00fcr eine Gruppenreise oder aber auch f\u00fcr Ihre n\u00e4chste Tagung.","robots":{"index":"index","follow":"follow","max-snippet":"max-snippet:-1","max-image-preview":"max-image-preview:large","max-video-preview":"max-video-preview:-1"},"canonical":"https:\/\/koeln-tagungshotels.com\/de\/news\/koln-tagen-in-der-domstadt\/","og_locale":"de_DE","og_type":"article","og_title":"K\u00f6ln \u2013 Tagen in der Domstadt","og_description":"K\u00f6ln - Die Stadt am Rhein. Urban und doch Weltmetropole. K\u00f6ln ist immer eine Reise wert. F\u00fcr eine Gruppenreise oder aber auch f\u00fcr Ihre n\u00e4chste Tagung.","og_url":"https:\/\/koeln-tagungshotels.com\/de\/news\/koln-tagen-in-der-domstadt\/","article_published_time":"2016-12-02T08:48:40+00:00","article_modified_time":"2020-06-02T14:55:55+00:00","og_image":[{"width":2560,"height":1708,"url":"https:\/\/koeln-tagungshotels.com\/wp-content\/uploads\/2016\/12\/koelner-dom.jpg","type":"image\/jpeg"}],"author":"azure art communications","twitter_card":"summary_large_image","twitter_misc":{"Verfasst von":"azure art communications","Gesch\u00e4tzte Lesezeit":"1 Minute"},"schema":{"@context":"https:\/\/schema.org","@graph":[{"@type":"WebPage","@id":"https:\/\/koeln-tagungshotels.com\/de\/news\/koln-tagen-in-der-domstadt\/","url":"https:\/\/koeln-tagungshotels.com\/de\/news\/koln-tagen-in-der-domstadt\/","name":"K\u00f6ln \u2013 Tagen in der Domstadt | MICE Service Group","isPartOf":{"@id":"https:\/\/luzern-seminarhotels.ch\/de\/#website"},"datePublished":"2016-12-02T08:48:40+00:00","dateModified":"2020-06-02T14:55:55+00:00","author":{"@id":"https:\/\/luzern-seminarhotels.ch\/de\/#\/schema\/person\/6ad8231edfe93103a563949a8e4f88a8"},"description":"K\u00f6ln - Die Stadt am Rhein. Urban und doch Weltmetropole. K\u00f6ln ist immer eine Reise wert. F\u00fcr eine Gruppenreise oder aber auch f\u00fcr Ihre n\u00e4chste Tagung.","breadcrumb":{"@id":"https:\/\/koeln-tagungshotels.com\/de\/news\/koln-tagen-in-der-domstadt\/#breadcrumb"},"inLanguage":"de-DE","potentialAction":[{"@type":"ReadAction","target":["https:\/\/koeln-tagungshotels.com\/de\/news\/koln-tagen-in-der-domstadt\/"]}]},{"@type":"BreadcrumbList","@id":"https:\/\/koeln-tagungshotels.com\/de\/news\/koln-tagen-in-der-domstadt\/#breadcrumb","itemListElement":[{"@type":"ListItem","position":1,"name":"Home","item":"https:\/\/luzern-seminarhotels.ch\/de\/"},{"@type":"ListItem","position":2,"name":"News","item":"https:\/\/koeln-tagungshotels.com\/de\/news\/"},{"@type":"ListItem","position":3,"name":"K\u00f6ln \u2013 Tagen in der Domstadt"}]},{"@type":"WebSite","@id":"https:\/\/luzern-seminarhotels.ch\/de\/#website","url":"https:\/\/luzern-seminarhotels.ch\/de\/","name":"koeln-tagungshotels.com","description":"","potentialAction":[{"@type":"SearchAction","target":{"@type":"EntryPoint","urlTemplate":"https:\/\/luzern-seminarhotels.ch\/de\/?s={search_term_string}"},"query-input":"required name=search_term_string"}],"inLanguage":"de-DE"},{"@type":"Person","@id":"https:\/\/luzern-seminarhotels.ch\/de\/#\/schema\/person\/6ad8231edfe93103a563949a8e4f88a8","name":"azure art communications","image":{"@type":"ImageObject","inLanguage":"de-DE","@id":"https:\/\/luzern-seminarhotels.ch\/de\/#\/schema\/person\/image\/","url":"https:\/\/koeln-tagungshotels.com\/wp-content\/wphb-cache\/gravatar\/eb5\/eb5e12a25bdf36e237ed0d83c9b428f0x96.jpg","contentUrl":"https:\/\/koeln-tagungshotels.com\/wp-content\/wphb-cache\/gravatar\/eb5\/eb5e12a25bdf36e237ed0d83c9b428f0x96.jpg","caption":"azure art communications"},"sameAs":["https:\/\/www.azureart.ch"]}]}},"_links":{"self":[{"href":"https:\/\/koeln-tagungshotels.com\/de\/wp-json\/wp\/v2\/posts\/257"}],"collection":[{"href":"https:\/\/koeln-tagungshotels.com\/de\/wp-json\/wp\/v2\/posts"}],"about":[{"href":"https:\/\/koeln-tagungshotels.com\/de\/wp-json\/wp\/v2\/types\/post"}],"author":[{"embeddable":true,"href":"https:\/\/koeln-tagungshotels.com\/de\/wp-json\/wp\/v2\/users\/1"}],"replies":[{"embeddable":true,"href":"https:\/\/koeln-tagungshotels.com\/de\/wp-json\/wp\/v2\/comments?post=257"}],"version-history":[{"count":0,"href":"https:\/\/koeln-tagungshotels.com\/de\/wp-json\/wp\/v2\/posts\/257\/revisions"}],"wp:featuredmedia":[{"embeddable":true,"href":"https:\/\/koeln-tagungshotels.com\/de\/wp-json\/wp\/v2\/media\/19619"}],"wp:attachment":[{"href":"https:\/\/koeln-tagungshotels.com\/de\/wp-json\/wp\/v2\/media?parent=257"}],"curies":[{"name":"wp","href":"https:\/\/api.w.org\/{rel}","templated":true}]}}